{"id":9635,"date":"2025-11-05T12:46:44","date_gmt":"2025-11-05T12:46:44","guid":{"rendered":"https:\/\/www.galrao.com\/?p=9635"},"modified":"2025-11-06T11:01:59","modified_gmt":"2025-11-06T11:01:59","slug":"jorge-alrao-honored-with-the-career-award-by-stoneby-portugal-assimagra","status":"publish","type":"post","link":"https:\/\/www.galrao.com\/en\/jorge-alrao-honored-with-the-career-award-by-stoneby-portugal-assimagra\/","title":{"rendered":"Jorge Galr\u00e3o honored with the Career Award by StonebyPORTUGAL\/ ASSIMAGRA"},"content":{"rendered":"<div class=\"wpb-content-wrapper\"><p>[vc_row css_animation=&#8221;&#8221; row_type=&#8221;row&#8221; use_row_as_full_screen_section=&#8221;no&#8221; type=&#8221;grid&#8221; angled_section=&#8221;no&#8221; text_align=&#8221;left&#8221; background_image_as_pattern=&#8221;without_pattern&#8221; z_index=&#8221;&#8221; el_class=&#8221;reverse_mobile&#8221; css=&#8221;.vc_custom_1727182824744{margin-right: 0px !important;margin-left: 0px !important;background-color: #ffffff !important;}&#8221;][vc_column width=&#8221;1\/2&#8243; css=&#8221;.vc_custom_1727183029024{padding-right: 30px !important;padding-bottom: 20px !important;padding-left: 30px !important;background-color: #ffffff !important;}&#8221; el_class=&#8221;div_top_z_index&#8221;][vc_column_text css=&#8221;.vc_custom_1762426689097{margin-right: 0px !important;margin-left: 0px !important;padding-right: 0px !important;padding-bottom: 20px !important;padding-left: 0px !important;}&#8221;]<\/p>\n<h6>October 2025<\/h6>\n<h1 class=\"reader-article-header__title\" dir=\"ltr\">Jorge Galr\u00e3o honored with the Career Award by Stoneby PORTUGAL\/ ASSIMAGRA<\/h1>\n<p>[\/vc_column_text][\/vc_column][vc_column width=&#8221;1\/2&#8243; css=&#8221;.vc_custom_1727171265468{padding-right: 0px !important;padding-bottom: 20px !important;padding-left: 0px !important;}&#8221; el_class=&#8221;div_right&#8221;][vc_gallery interval=&#8221;3&#8243; images=&#8221;9641,9643,9645&#8243; img_size=&#8221;full&#8221; css=&#8221;.vc_custom_1762426753860{margin-top: 0px !important;margin-right: 0px !important;margin-bottom: 0px !important;margin-left: 0px !important;padding-top: 0px !important;padding-right: 0px !important;padding-bottom: 0px !important;padding-left: 0px !important;}&#8221; direction_nav=&#8221;yes&#8221; control_nav=&#8221;no&#8221;][\/vc_column][\/vc_row][vc_row css_animation=&#8221;&#8221; row_type=&#8221;row&#8221; use_row_as_full_screen_section=&#8221;no&#8221; type=&#8221;grid&#8221; angled_section=&#8221;no&#8221; text_align=&#8221;left&#8221; background_image_as_pattern=&#8221;without_pattern&#8221; z_index=&#8221;&#8221; css=&#8221;.vc_custom_1727182906629{margin-right: 0px !important;margin-left: 0px !important;background-color: #ffffff !important;}&#8221; el_class=&#8221;cx_news&#8221;][vc_column width=&#8221;1\/6&#8243;][\/vc_column][vc_column width=&#8221;2\/3&#8243; css=&#8221;.vc_custom_1727183070519{padding-top: 0px !important;padding-right: 30px !important;padding-bottom: 20px !important;padding-left: 30px !important;}&#8221;][vc_column_text css=&#8221;.vc_custom_1762426649212{margin-top: 0px !important;margin-bottom: 0px !important;padding-top: 0px !important;padding-right: 0px !important;padding-bottom: 0px !important;padding-left: 0px !important;}&#8221;]<\/p>\n<p data-start=\"194\" data-end=\"460\">The award, presented on October 17, recognizes individuals whose contribution has been fundamental to the recognition of Portuguese stone, both in Portugal and beyond. It is a moment that touches us deeply and we couldn\u2019t imagine anyone who represents it better.<\/p>\n<p data-start=\"462\" data-end=\"825\">Son of the founder of Grupo Galr\u00e3o, <strong data-start=\"498\" data-end=\"514\">Jorge Galr\u00e3o<\/strong> has devoted his entire life to natural stone. He has done so with vision, rigor, and a profound respect for the material he transforms. Over the decades, he has helped establish Portuguese stone as a symbol of quality and excellence, earning the trust of architects, engineers, and creators around the world.<\/p>\n<p data-start=\"827\" data-end=\"1068\">This recognition comes in a symbolic year for <strong data-start=\"873\" data-end=\"889\">Grupo Galr\u00e3o, <\/strong>as\u00a0we celebrate <strong data-start=\"905\" data-end=\"927\">70 years of legacy<\/strong>. A story built with the same spirit that Eng. Jorge inspires in us every day: commitment, innovation, and a passion for what is authentic.<\/p>\n<p data-start=\"1070\" data-end=\"1171\">This award is his.<br data-start=\"1088\" data-end=\"1091\" \/>But it also belongs to everyone who believes in the value of Portuguese stone.<\/p>\n<p data-start=\"1070\" data-end=\"1171\"><strong data-start=\"1173\" data-end=\"1199\">Thank you, Eng. Jorge.<\/strong><br data-start=\"1199\" data-end=\"1202\" \/><strong data-start=\"1202\" data-end=\"1233\">Thank you, StonebyPORTUGAL.<\/strong><\/p>\n<p>[\/vc_column_text][\/vc_column][vc_column width=&#8221;1\/6&#8243;][\/vc_column][\/vc_row][vc_row css_animation=&#8221;&#8221; row_type=&#8221;row&#8221; use_row_as_full_screen_section=&#8221;no&#8221; type=&#8221;full_width&#8221; angled_section=&#8221;no&#8221; text_align=&#8221;left&#8221; background_image_as_pattern=&#8221;without_pattern&#8221; css=&#8221;.vc_custom_1727182730572{background-color: #ffffff !important;}&#8221; z_index=&#8221;&#8221;][vc_column][vc_empty_space height=&#8221;100&#8243;][\/vc_column][\/vc_row]<\/p>\n<\/div>","protected":false},"excerpt":{"rendered":"<p>Entrevist\u00e1mos Carolina e Jeremy, fundadores do Atelier Backlar, ap\u00f3s a conclus\u00e3o do projeto de reabilita\u00e7\u00e3o de um apartamento no Pr\u00edncipe Real, onde a nossa pedra natural foi utilizada.<\/p>\n","protected":false},"author":4,"featured_media":9637,"comment_status":"open","ping_status":"open","sticky":false,"template":"","format":"standard","meta":{"_acf_changed":false,"_monsterinsights_skip_tracking":false,"_monsterinsights_sitenote_active":false,"_monsterinsights_sitenote_note":"","_monsterinsights_sitenote_category":0,"footnotes":""},"categories":[218,360],"tags":[],"class_list":["post-9635","post","type-post","status-publish","format-standard","has-post-thumbnail","hentry","category-news","category-news-highlight-home"],"acf":[],"_links":{"self":[{"href":"https:\/\/www.galrao.com\/en\/wp-json\/wp\/v2\/posts\/9635","targetHints":{"allow":["GET"]}}],"collection":[{"href":"https:\/\/www.galrao.com\/en\/wp-json\/wp\/v2\/posts"}],"about":[{"href":"https:\/\/www.galrao.com\/en\/wp-json\/wp\/v2\/types\/post"}],"author":[{"embeddable":true,"href":"https:\/\/www.galrao.com\/en\/wp-json\/wp\/v2\/users\/4"}],"replies":[{"embeddable":true,"href":"https:\/\/www.galrao.com\/en\/wp-json\/wp\/v2\/comments?post=9635"}],"version-history":[{"count":3,"href":"https:\/\/www.galrao.com\/en\/wp-json\/wp\/v2\/posts\/9635\/revisions"}],"predecessor-version":[{"id":9653,"href":"https:\/\/www.galrao.com\/en\/wp-json\/wp\/v2\/posts\/9635\/revisions\/9653"}],"wp:featuredmedia":[{"embeddable":true,"href":"https:\/\/www.galrao.com\/en\/wp-json\/wp\/v2\/media\/9637"}],"wp:attachment":[{"href":"https:\/\/www.galrao.com\/en\/wp-json\/wp\/v2\/media?parent=9635"}],"wp:term":[{"taxonomy":"category","embeddable":true,"href":"https:\/\/www.galrao.com\/en\/wp-json\/wp\/v2\/categories?post=9635"},{"taxonomy":"post_tag","embeddable":true,"href":"https:\/\/www.galrao.com\/en\/wp-json\/wp\/v2\/tags?post=9635"}],"curies":[{"name":"wp","href":"https:\/\/api.w.org\/{rel}","templated":true}]}}