{"id":9597,"date":"2025-10-27T13:00:42","date_gmt":"2025-10-27T13:00:42","guid":{"rendered":"https:\/\/www.galrao.com\/?p=9597"},"modified":"2025-11-14T18:18:57","modified_gmt":"2025-11-14T18:18:57","slug":"dueto-table-honoured-at-the-archiproducts-sesign-awards-2025","status":"publish","type":"post","link":"https:\/\/www.galrao.com\/en\/dueto-table-honoured-at-the-archiproducts-sesign-awards-2025\/","title":{"rendered":"Dueto Table: Honoured with an Archiproducts Design\u00a0Award\u00a02025"},"content":{"rendered":"<div class=\"wpb-content-wrapper\"><p>[vc_row css_animation=&#8221;&#8221; row_type=&#8221;row&#8221; use_row_as_full_screen_section=&#8221;no&#8221; type=&#8221;grid&#8221; angled_section=&#8221;no&#8221; text_align=&#8221;left&#8221; background_image_as_pattern=&#8221;without_pattern&#8221; z_index=&#8221;&#8221; el_class=&#8221;reverse_mobile&#8221; css=&#8221;.vc_custom_1727182824744{margin-right: 0px !important;margin-left: 0px !important;background-color: #ffffff !important;}&#8221;][vc_column width=&#8221;1\/2&#8243; css=&#8221;.vc_custom_1727183029024{padding-right: 30px !important;padding-bottom: 20px !important;padding-left: 30px !important;background-color: #ffffff !important;}&#8221; el_class=&#8221;div_top_z_index&#8221;][vc_column_text css=&#8221;.vc_custom_1763144324807{margin-right: 0px !important;margin-left: 0px !important;padding-right: 0px !important;padding-bottom: 20px !important;padding-left: 0px !important;}&#8221;]<\/p>\n<h6>November 2025<\/h6>\n<h1 class=\"reader-article-header__title\" dir=\"ltr\">Dueto Table:<br \/>\nHonoured with an Archiproducts Design Award 2025<\/h1>\n<p>[\/vc_column_text][vc_column_text css=&#8221;.vc_custom_1761575479790{margin-top: 0px !important;margin-right: 0px !important;margin-bottom: 0px !important;margin-left: 0px !important;padding-top: 0px !important;padding-right: 0px !important;padding-bottom: 0px !important;padding-left: 0px !important;}&#8221;][\/vc_column_text][\/vc_column][vc_column width=&#8221;1\/2&#8243; css=&#8221;.vc_custom_1727171265468{padding-right: 0px !important;padding-bottom: 20px !important;padding-left: 0px !important;}&#8221; el_class=&#8221;div_right&#8221;][vc_gallery interval=&#8221;3&#8243; images=&#8221;9660,9672,9681&#8243; img_size=&#8221;full&#8221; css=&#8221;.vc_custom_1762785030000{margin-top: 0px !important;margin-right: 0px !important;margin-bottom: 0px !important;margin-left: 0px !important;padding-top: 0px !important;padding-right: 0px !important;padding-bottom: 0px !important;padding-left: 0px !important;}&#8221; direction_nav=&#8221;yes&#8221; control_nav=&#8221;no&#8221;][\/vc_column][\/vc_row][vc_row css_animation=&#8221;&#8221; row_type=&#8221;row&#8221; use_row_as_full_screen_section=&#8221;no&#8221; type=&#8221;grid&#8221; angled_section=&#8221;no&#8221; text_align=&#8221;left&#8221; background_image_as_pattern=&#8221;without_pattern&#8221; z_index=&#8221;&#8221; css=&#8221;.vc_custom_1727182906629{margin-right: 0px !important;margin-left: 0px !important;background-color: #ffffff !important;}&#8221; el_class=&#8221;cx_news&#8221;][vc_column width=&#8221;1\/6&#8243;][\/vc_column][vc_column width=&#8221;2\/3&#8243; css=&#8221;.vc_custom_1727183070519{padding-top: 0px !important;padding-right: 30px !important;padding-bottom: 20px !important;padding-left: 30px !important;}&#8221;][vc_column_text css=&#8221;.vc_custom_1762966140651{margin-top: 0px !important;margin-bottom: 0px !important;padding-top: 0px !important;padding-right: 0px !important;padding-bottom: 0px !important;padding-left: 0px !important;}&#8221;]<span style=\"font-weight: 400;\">The <\/span><b>Dueto table<\/b><span style=\"font-weight: 400;\">, created by the duo <\/span><b>Monics+Vieira<\/b><span style=\"font-weight: 400;\"> in collaboration with the <\/span><b>Galr\u00e3o Group<\/b><span style=\"font-weight: 400;\">, has been <\/span><b>selected for <\/b><b><i>The ADA 2025 Longlist<\/i><\/b><span style=\"font-weight: 400;\"> in the <\/span><b>Furniture<\/b><span style=\"font-weight: 400;\"> category of the <\/span><b>Archiproducts Design Awards 2025<\/b><span style=\"font-weight: 400;\">, one of the most prestigious recognitions in the international design and architecture scene.<\/span><\/p>\n<p><span style=\"font-weight: 400;\">First presented at <\/span><b>Milan Design Week 2024<\/b><span style=\"font-weight: 400;\">, the <\/span><b>Dueto<\/b><span style=\"font-weight: 400;\"> is a manifesto of harmony between opposites: weight and lightness, precision and fluidity, matter and gesture.<\/span><span style=\"font-weight: 400;\"><br \/>\n<\/span><span style=\"font-weight: 400;\"> With its pure lines and sculptural proportions, the piece embodies the encounter between the craftsmanship of natural stone and contemporary innovation, a true dialogue between creators and material.<\/span><\/p>\n<h4>For the Galr\u00e3o Group, this recognition marks a milestone in the brand\u2019s ongoing commitment to celebrating Portuguese stone and creating pieces that combine sophistication, design, and durability.<br data-start=\"1128\" data-end=\"1131\" \/>This international acknowledgment reinforces Galr\u00e3o\u2019s ambition to remain at the forefront of natural stone design, blending tradition and innovation.<\/h4>\n<p>[\/vc_column_text][\/vc_column][vc_column width=&#8221;1\/6&#8243;][\/vc_column][\/vc_row][vc_row css_animation=&#8221;&#8221; row_type=&#8221;row&#8221; use_row_as_full_screen_section=&#8221;no&#8221; type=&#8221;grid&#8221; angled_section=&#8221;no&#8221; text_align=&#8221;left&#8221; background_image_as_pattern=&#8221;without_pattern&#8221; z_index=&#8221;&#8221; css=&#8221;.vc_custom_1727182906629{margin-right: 0px !important;margin-left: 0px !important;background-color: #ffffff !important;}&#8221; el_class=&#8221;cx_news&#8221;][vc_column width=&#8221;1\/2&#8243;][vc_gallery interval=&#8221;3&#8243; images=&#8221;9667,9665,9663&#8243; css=&#8221;&#8221;][\/vc_column][vc_column width=&#8221;1\/2&#8243; css=&#8221;.vc_custom_1727183070519{padding-top: 0px !important;padding-right: 30px !important;padding-bottom: 20px !important;padding-left: 30px !important;}&#8221;][vc_column_text css=&#8221;.vc_custom_1762782791601{margin-top: 0px !important;margin-bottom: 0px !important;padding-top: 0px !important;padding-right: 0px !important;padding-bottom: 0px !important;padding-left: 0px !important;}&#8221;]Discover the <strong data-start=\"1301\" data-end=\"1321\">Dueto Collection<\/strong>, which includes a dining table, chairs, and side tables, available in a range of marbles, from <strong data-start=\"1418\" data-end=\"1436\">Estremoz White<\/strong> to <strong data-start=\"1440\" data-end=\"1458\">Marquina Black<\/strong>\u00a0and entirely produced by <strong data-start=\"1486\" data-end=\"1496\">Galr\u00e3o<\/strong>.<br data-start=\"1497\" data-end=\"1500\" \/><span data-contrast=\"auto\">Available in our store \u2014 discover it <\/span><a href=\"https:\/\/www.galrao.com\/en\/store\/\"><b><span data-contrast=\"auto\">HERE<\/span><\/b><\/a><span data-contrast=\"auto\">.<\/span>[\/vc_column_text][\/vc_column][\/vc_row][vc_row css_animation=&#8221;&#8221; row_type=&#8221;row&#8221; use_row_as_full_screen_section=&#8221;no&#8221; type=&#8221;full_width&#8221; angled_section=&#8221;no&#8221; text_align=&#8221;left&#8221; background_image_as_pattern=&#8221;without_pattern&#8221; css=&#8221;.vc_custom_1727182730572{background-color: #ffffff !important;}&#8221; z_index=&#8221;&#8221;][vc_column][vc_empty_space height=&#8221;100&#8243;][\/vc_column][\/vc_row]<\/p>\n<\/div>","protected":false},"excerpt":{"rendered":"<p>Entrevist\u00e1mos Carolina e Jeremy, fundadores do Atelier Backlar, ap\u00f3s a conclus\u00e3o do projeto de reabilita\u00e7\u00e3o de um apartamento no Pr\u00edncipe Real, onde a nossa pedra natural foi utilizada.<\/p>\n","protected":false},"author":4,"featured_media":9660,"comment_status":"open","ping_status":"open","sticky":false,"template":"","format":"standard","meta":{"_acf_changed":false,"_monsterinsights_skip_tracking":false,"_monsterinsights_sitenote_active":false,"_monsterinsights_sitenote_note":"","_monsterinsights_sitenote_category":0,"footnotes":""},"categories":[360,218],"tags":[],"class_list":["post-9597","post","type-post","status-publish","format-standard","has-post-thumbnail","hentry","category-news-highlight-home","category-news"],"acf":[],"_links":{"self":[{"href":"https:\/\/www.galrao.com\/en\/wp-json\/wp\/v2\/posts\/9597","targetHints":{"allow":["GET"]}}],"collection":[{"href":"https:\/\/www.galrao.com\/en\/wp-json\/wp\/v2\/posts"}],"about":[{"href":"https:\/\/www.galrao.com\/en\/wp-json\/wp\/v2\/types\/post"}],"author":[{"embeddable":true,"href":"https:\/\/www.galrao.com\/en\/wp-json\/wp\/v2\/users\/4"}],"replies":[{"embeddable":true,"href":"https:\/\/www.galrao.com\/en\/wp-json\/wp\/v2\/comments?post=9597"}],"version-history":[{"count":11,"href":"https:\/\/www.galrao.com\/en\/wp-json\/wp\/v2\/posts\/9597\/revisions"}],"predecessor-version":[{"id":9694,"href":"https:\/\/www.galrao.com\/en\/wp-json\/wp\/v2\/posts\/9597\/revisions\/9694"}],"wp:featuredmedia":[{"embeddable":true,"href":"https:\/\/www.galrao.com\/en\/wp-json\/wp\/v2\/media\/9660"}],"wp:attachment":[{"href":"https:\/\/www.galrao.com\/en\/wp-json\/wp\/v2\/media?parent=9597"}],"wp:term":[{"taxonomy":"category","embeddable":true,"href":"https:\/\/www.galrao.com\/en\/wp-json\/wp\/v2\/categories?post=9597"},{"taxonomy":"post_tag","embeddable":true,"href":"https:\/\/www.galrao.com\/en\/wp-json\/wp\/v2\/tags?post=9597"}],"curies":[{"name":"wp","href":"https:\/\/api.w.org\/{rel}","templated":true}]}}