{"id":8953,"date":"2025-05-12T15:07:09","date_gmt":"2025-05-12T15:07:09","guid":{"rendered":"https:\/\/www.galrao.com\/?p=8953"},"modified":"2025-05-12T15:45:43","modified_gmt":"2025-05-12T15:45:43","slug":"joao-marcos-moreira-the-art-of-reimagining-portuguese-natural-stone","status":"publish","type":"post","link":"https:\/\/www.galrao.com\/en\/joao-marcos-moreira-the-art-of-reimagining-portuguese-natural-stone\/","title":{"rendered":"Jo\u00e3o Marcos Moreira: The Art of Reimagining Portuguese Natural Stone"},"content":{"rendered":"<div class=\"wpb-content-wrapper\"><p>[vc_row css_animation=&#8221;&#8221; row_type=&#8221;row&#8221; use_row_as_full_screen_section=&#8221;no&#8221; type=&#8221;grid&#8221; angled_section=&#8221;no&#8221; text_align=&#8221;left&#8221; background_image_as_pattern=&#8221;without_pattern&#8221; z_index=&#8221;&#8221; el_class=&#8221;reverse_mobile&#8221; css=&#8221;.vc_custom_1727182824744{margin-right: 0px !important;margin-left: 0px !important;background-color: #ffffff !important;}&#8221;][vc_column width=&#8221;1\/2&#8243; css=&#8221;.vc_custom_1727183029024{padding-right: 30px !important;padding-bottom: 20px !important;padding-left: 30px !important;background-color: #ffffff !important;}&#8221; el_class=&#8221;div_top_z_index&#8221;][vc_column_text css=&#8221;.vc_custom_1747062955798{margin-right: 0px !important;margin-left: 0px !important;padding-right: 0px !important;padding-bottom: 20px !important;padding-left: 0px !important;}&#8221;]<\/p>\n<h6>May 2025<\/h6>\n<h1 class=\"reader-article-header__title\" dir=\"ltr\"><span class=\"NormalTextRun SCXW139894815 BCX0\">Jo\u00e3o Marcos Moreira: The Art of Reimagining Portuguese Natural Stone <\/span><\/h1>\n<p>[\/vc_column_text][vc_column_text css=&#8221;.vc_custom_1747062969560{margin-top: 0px !important;margin-right: 0px !important;margin-bottom: 0px !important;margin-left: 0px !important;padding-top: 0px !important;padding-right: 0px !important;padding-bottom: 0px !important;padding-left: 0px !important;}&#8221;]We delve into the creative universe of designer Jo\u00e3o Marcos Moreira, who, in collaboration with ASSIMAGRA and the Olivah studio, is reimagining the way we engage with Portuguese natural stone. Within the scope of the Broot project, the designer reveals how marble and cork\u2014emblematic materials of our land\u2014come together in harmony to create pieces that reflect our history, culture, and territory. His collaboration with the Galr\u00e3o Group underscores the value of artisanal craftsmanship, authenticity, and the preservation of traditions while embracing innovation. With a sustainable mindset and a forward-looking perspective, the designer shares his journey of reclaiming memories and rethinking design\u2014creating not just objects, but pieces that embody the essence of our past and identity.[\/vc_column_text][\/vc_column][vc_column width=&#8221;1\/2&#8243; css=&#8221;.vc_custom_1727171265468{padding-right: 0px !important;padding-bottom: 20px !important;padding-left: 0px !important;}&#8221; el_class=&#8221;div_right&#8221;][vc_gallery interval=&#8221;3&#8243; images=&#8221;8964&#8243; img_size=&#8221;full&#8221; css=&#8221;.vc_custom_1747062227377{margin-top: 0px !important;margin-right: 0px !important;margin-bottom: 0px !important;margin-left: 0px !important;padding-top: 0px !important;padding-right: 0px !important;padding-bottom: 0px !important;padding-left: 0px !important;}&#8221; direction_nav=&#8221;yes&#8221; control_nav=&#8221;no&#8221;][\/vc_column][\/vc_row][vc_row css_animation=&#8221;&#8221; row_type=&#8221;row&#8221; use_row_as_full_screen_section=&#8221;no&#8221; type=&#8221;grid&#8221; angled_section=&#8221;no&#8221; text_align=&#8221;left&#8221; background_image_as_pattern=&#8221;without_pattern&#8221; z_index=&#8221;&#8221; css=&#8221;.vc_custom_1727182895306{margin-right: 0px !important;margin-left: 0px !important;background-color: #ffffff !important;}&#8221; el_class=&#8221;cx_news&#8221;][vc_column width=&#8221;1\/6&#8243;][\/vc_column][vc_column width=&#8221;2\/3&#8243; css=&#8221;.vc_custom_1727183050488{padding-top: 0px !important;padding-right: 30px !important;padding-bottom: 20px !important;padding-left: 30px !important;}&#8221;][vc_column_text css=&#8221;.vc_custom_1747064717458{margin-top: 0px !important;margin-bottom: 0px !important;padding-top: 0px !important;padding-right: 0px !important;padding-bottom: 0px !important;padding-left: 0px !important;}&#8221;]<\/p>\n<h3 id=\"ember387\" class=\"ember-view reader-text-block__paragraph\">Let\u2019s start with the Broot project. What was it like for you to be part of this initiative by Assimagra? What motivated you to take on this challenge?<\/h3>\n<p class=\"ember-view reader-text-block__paragraph\"><span class=\"EOP SCXW230553050 BCX0\" data-ccp-props=\"{&quot;134233117&quot;:false,&quot;134233118&quot;:false,&quot;335559738&quot;:240,&quot;335559739&quot;:240}\">I was truly honored to receive the invitation from Assimagra and Olivah to join the first Broot collection. I believe that every partnership begins like a seed, and this one placed us before a rare opportunity: to rethink Portuguese natural stone in dialogue with other materials rooted in different regions. In a deeply elemental way, the materials called us back to our origins, challenging us to build bridges between masters and industries once isolated in their crafts. Broot not only promotes the value of national raw materials, but also tells the story of Portugal\u2014through its resources and ancestral techniques. Working with marble and cork was not merely an aesthetic choice, but a reunion with a forgotten language\u2014one I wished to rediscover, translate, and reinterpret. <\/span><\/p>\n<p>[\/vc_column_text][\/vc_column][vc_column width=&#8221;1\/6&#8243;][\/vc_column][\/vc_row][vc_row css_animation=&#8221;&#8221; row_type=&#8221;row&#8221; use_row_as_full_screen_section=&#8221;no&#8221; type=&#8221;grid&#8221; angled_section=&#8221;no&#8221; text_align=&#8221;left&#8221; background_image_as_pattern=&#8221;without_pattern&#8221; z_index=&#8221;&#8221; css=&#8221;.vc_custom_1727182901612{margin-right: 0px !important;margin-left: 0px !important;background-color: #ffffff !important;}&#8221; el_class=&#8221;cx_news&#8221;][vc_column width=&#8221;1\/2&#8243; css=&#8221;.vc_custom_1727171276145{padding-right: 0px !important;padding-bottom: 20px !important;padding-left: 0px !important;}&#8221; el_class=&#8221;div_right&#8221;][vc_gallery interval=&#8221;3&#8243; images=&#8221;8954,8956,8958,8960&#8243; img_size=&#8221;full&#8221; css=&#8221;.vc_custom_1747062401069{margin-top: 0px !important;margin-right: 0px !important;margin-bottom: 0px !important;margin-left: 0px !important;padding-top: 0px !important;padding-right: 0px !important;padding-bottom: 0px !important;padding-left: 0px !important;}&#8221; direction_nav=&#8221;yes&#8221; control_nav=&#8221;no&#8221;][\/vc_column][vc_column width=&#8221;1\/2&#8243; css=&#8221;.vc_custom_1727183063311{margin-top: 0px !important;padding-top: 0px !important;padding-right: 30px !important;padding-bottom: 20px !important;padding-left: 30px !important;background-color: #ffffff !important;}&#8221; el_class=&#8221;div_top_z_index&#8221;][vc_column_text css=&#8221;.vc_custom_1747064732019{margin-top: 0px !important;margin-bottom: 0px !important;padding-top: 0px !important;padding-right: 0px !important;padding-bottom: 0px !important;padding-left: 0px !important;}&#8221;]<\/p>\n<h3 id=\"ember388\" class=\"ember-view reader-text-block__paragraph\">Broot proposes a new reading of Portuguese natural stone. In your view, what is the role of stone\u2014and marble in particular\u2014in contemporary product design?<\/h3>\n<p class=\"ember-view reader-text-block__paragraph\">Stone\u2014and marble especially\u2014is petrified memory. It carries with it time, silence, movement, and resilience. In an increasingly volatile and fast-paced world, marble invites us to pause and contemplate. It is a material that endures and teaches us to respect the process. In contemporary design, its presence stands in contrast to the ephemeral. Its weight is symbolic, and its almost ethereal patterns remind us that we are part of something greater, older, and more enduring than ourselves. It creates an alliance that connects past, present, and future\u2014one in which we can find reflection and identity.<\/p>\n<h3 data-start=\"92\" data-end=\"271\">In your work within the project, you combine marble with cork. How did this combination of materials come about? What kind of dialogue were you looking to create between them?<\/h3>\n<p class=\"\" data-start=\"273\" data-end=\"1178\">The combination of marble and cork did not arise from contrast, but from affinity\u2014both materials coexist in the Alentejo landscape. One is extracted from the depths of the earth, the other harvested from the living surface of trees. Marble is cold, dense, and solemn. Cork is warm, light, and fertile. Together, they evoke a tension that embraces both sky and subsoil. My intention was to make them speak as elements of a shared myth\u2014raw material as a metaphor for the human condition and its spirituality. This collection stems from the observation of the historical heritage and native flora of southwestern Portugal. It is a manifesto of the harmonious symbiosis between what the Alentejo once was and what it continues to be today\u2014where the grandeur of megalithic monuments blends with the grace of cork oak trees. A landscape petrified for over 7,000 years, symbolizing the region\u2019s timeless essence.<\/p>\n<p>[\/vc_column_text][\/vc_column][\/vc_row][vc_row css_animation=&#8221;&#8221; row_type=&#8221;row&#8221; use_row_as_full_screen_section=&#8221;no&#8221; type=&#8221;grid&#8221; angled_section=&#8221;no&#8221; text_align=&#8221;left&#8221; background_image_as_pattern=&#8221;without_pattern&#8221; z_index=&#8221;&#8221; css=&#8221;.vc_custom_1727182906629{margin-right: 0px !important;margin-left: 0px !important;background-color: #ffffff !important;}&#8221; el_class=&#8221;cx_news&#8221;][vc_column width=&#8221;1\/6&#8243;][\/vc_column][vc_column width=&#8221;2\/3&#8243; css=&#8221;.vc_custom_1727183070519{padding-top: 0px !important;padding-right: 30px !important;padding-bottom: 20px !important;padding-left: 30px !important;}&#8221;][vc_column_text css=&#8221;.vc_custom_1747063266902{margin-top: 0px !important;margin-bottom: 0px !important;padding-top: 0px !important;padding-right: 0px !important;padding-bottom: 0px !important;padding-left: 0px !important;}&#8221;]<\/p>\n<h3 data-start=\"103\" data-end=\"286\">Tell us about the creative process behind your pieces for Broot. How did you conceive the volumes, textures, and functions? Was there any piece that particularly stood out to you?<\/h3>\n<p class=\"\" data-start=\"288\" data-end=\"603\">The process felt like an archaeological rebirth. Each form emerged from the symbiosis of opposing elements that coexist within the landscape. Monumental silhouettes merge with the grace of cork oaks and the act of cork harvesting, as though we were excavating not only the stone, but also time and our own history. Throughout the research, I uncovered fascinating insights about the region. Portugal\u2014particularly the Alentejo\u2014is the second most densely concentrated region of megalithic monuments. These spaces once served ritualistic, ceremonial, or funerary purposes, but were also used as geographic and astronomical markers. In dolmens, the walls were painted with ochre and the deceased were placed in a fetal position inside the central chamber, which symbolized the womb\u2014so that they could be reborn. These elements are reflected in the pieces by lining the interior of the marble structures with cork.<\/p>\n<p class=\"\" data-start=\"1201\" data-end=\"1552\">One particularly striking reference comes from Professor Jos\u00e9 Armando Saraiva, who believed that the menhirs\u2014phallic-shaped structures\u2014were used to fertilize the earth\u2019s womb, as part of a cult of land fertility. This makes evident the symbolic relationship between fertility and finitude; life and death; light and shadow; the organic and the static. The landscape in which these prehistoric peoples once lived is the same we still see today\u2014serving as a bridge between the Alentejo\u2019s past and present. In this way, I associated the organic forms and curved silhouettes of the pieces with the rings of trees and the motion of cork harvesting. These pieces were conceived as lost fragments that have now been rediscovered. The intention was to create not just objects, but vestiges.<\/p>\n<p>[\/vc_column_text][\/vc_column][vc_column width=&#8221;1\/6&#8243;][\/vc_column][\/vc_row][vc_row css_animation=&#8221;&#8221; row_type=&#8221;row&#8221; use_row_as_full_screen_section=&#8221;no&#8221; type=&#8221;grid&#8221; angled_section=&#8221;no&#8221; text_align=&#8221;left&#8221; background_image_as_pattern=&#8221;without_pattern&#8221; z_index=&#8221;&#8221; css=&#8221;.vc_custom_1727182987577{margin-right: 0px !important;margin-left: 0px !important;background-color: #ffffff !important;}&#8221; el_class=&#8221;cx_news&#8221;][vc_column width=&#8221;1\/2&#8243; css=&#8221;.vc_custom_1727183078665{padding-top: 0px !important;padding-right: 30px !important;padding-bottom: 20px !important;padding-left: 30px !important;}&#8221; el_class=&#8221;div_right&#8221;][vc_column_text css=&#8221;.vc_custom_1747063335850{margin-top: 0px !important;margin-bottom: 0px !important;padding-top: 0px !important;padding-right: 0px !important;padding-bottom: 0px !important;padding-left: 0px !important;}&#8221;]<\/p>\n<h3 data-start=\"89\" data-end=\"283\">Did your connection with the Galr\u00e3o Group emerge during the creative process and material selection? How was that relationship? What are your impressions from collaborating with the company?<\/h3>\n<p class=\"\" data-start=\"285\" data-end=\"957\">Galr\u00e3o emerged as a true guardian of the material\u2014someone who not only knows it, but honors and celebrates it. The relationship was established naturally and with mutual respect throughout the entire process. During the visits to the quarries and their collection, I was welcomed with a sense of attentive and curious listening. I felt that each stone was introduced with the enthusiasm of someone genuinely fascinated by it. The selection of each block was almost ritualistic: each cut, vein, pattern, and imperfection carried a story we wanted to tell. I take with me a deep admiration for their commitment to craftsmanship, authenticity, precision, and professionalism.<\/p>\n<h3 data-start=\"959\" data-end=\"1114\">And what was it like working with Galr\u00e3o marble? What stands out to you in terms of quality, material response, or the technical support from the team?<\/h3>\n<p class=\"\" data-start=\"1116\" data-end=\"1749\">Galr\u00e3o carries a legacy, and their stone is both a witness and heir to that heritage. Each block bears density and depth in its colors and patterns, making every piece unique and unrepeatable. Carefully selected, the stones flourish when treated with respect\u2014and that is exactly what the Galr\u00e3o team masters. Their technical support was essential and acted as a foundation for the creative process, forming the ideal partnership for the development of the collection. Together, we understood that this wasn\u2019t just about execution\u2014it was about preserving the intention, the emotion, and the gesture behind each form through the stone.<\/p>\n<p>[\/vc_column_text][\/vc_column][vc_column width=&#8221;1\/2&#8243; css=&#8221;.vc_custom_1727171282716{margin-top: 0px !important;padding-top: 0px !important;padding-right: 0px !important;padding-bottom: 20px !important;padding-left: 0px !important;background-color: #ffffff !important;}&#8221; el_class=&#8221;div_top_z_index&#8221;][vc_gallery interval=&#8221;3&#8243; images=&#8221;8962,8966&#8243; img_size=&#8221;full&#8221; css=&#8221;.vc_custom_1747062336504{margin-top: 0px !important;padding-top: 0px !important;}&#8221; direction_nav=&#8221;yes&#8221; control_nav=&#8221;no&#8221;][\/vc_column][\/vc_row][vc_row css_animation=&#8221;&#8221; row_type=&#8221;row&#8221; use_row_as_full_screen_section=&#8221;no&#8221; type=&#8221;grid&#8221; angled_section=&#8221;no&#8221; text_align=&#8221;left&#8221; background_image_as_pattern=&#8221;without_pattern&#8221; z_index=&#8221;&#8221; css=&#8221;.vc_custom_1727182906629{margin-right: 0px !important;margin-left: 0px !important;background-color: #ffffff !important;}&#8221; el_class=&#8221;cx_news&#8221;][vc_column width=&#8221;1\/6&#8243;][\/vc_column][vc_column width=&#8221;2\/3&#8243; css=&#8221;.vc_custom_1727183070519{padding-top: 0px !important;padding-right: 30px !important;padding-bottom: 20px !important;padding-left: 30px !important;}&#8221;][vc_column_text css=&#8221;.vc_custom_1747063452474{margin-top: 0px !important;margin-bottom: 0px !important;padding-top: 0px !important;padding-right: 0px !important;padding-bottom: 0px !important;padding-left: 0px !important;}&#8221;]<\/p>\n<h3 data-start=\"96\" data-end=\"268\">Looking to the future\u2014how do you envision the evolution of design with natural stone? What opportunities do you see in this connection between tradition and innovation?<\/h3>\n<p class=\"\" data-start=\"270\" data-end=\"1277\">Art and design are the materialization of our culture and emotions, preserving them through different objects. Throughout history, humanity has demonstrated its contemplative connection to artifacts. I believe in a future where these disciplines bring us closer to our essence, and natural stone plays a vital role in that path\u2014it invites us to create with awareness, memory, and time. Innovation doesn&#8217;t lie in denying tradition, but in listening to it differently and rewriting it. Rather than seeking solutions in mass industries, the key lies in optimizing raw materials. With a sustainable mindset, mindful of waste, and by connecting small and medium producers, we gain a new way of entering the market\u2014one that, in partnership with the energy of designers and studios, gives these materials a new voice. I see stone as an open archive where each generation can write without erasing what has already been said. That will be our challenge: to continue sculpting the future without renouncing the past.<\/p>\n<h3 data-start=\"1279\" data-end=\"1389\">Will we see new pieces soon? If so, can you share anything about them or what you&#8217;re currently developing?<\/h3>\n<p class=\"\" data-start=\"1391\" data-end=\"2023\">Working closely with the industry has revealed to me the plasticity of what stone is capable of. At the moment, I\u2019m developing a new collection that continues the stories that inspire me and that carry within them this primitive language. It\u2019s a series of sculptural pieces in limited editions, in which marble remains the protagonist. Objects that evoke the ritualistic and the ancestral, dwelling on the threshold between the useful and the symbolic. The collection will reinforce this prehistoric and ceremonial aesthetic, rooted in the essence of humankind and our bond with the earth\u2014but with our gaze turned toward the cosmos.<\/p>\n<h3 data-start=\"2025\" data-end=\"2159\">Finally, what would you like people to feel when they see or touch your pieces? Is there a message or emotion you hoped to convey?<\/h3>\n<p class=\"\" data-start=\"2161\" data-end=\"2722\">My goal is that, beyond representing our national raw materials, the pieces embody our stories\u2014and that through the silhouettes I create, they reflect the region and all it produces. More than creating products, we are telling our story. I hope people feel a pause. A silence. That when they touch the pieces, they also touch something unseen, but deeply felt: time, memory, the sacred. I want my pieces to awaken a sense of wonder and belonging to something greater, vaster, and older. If they can spark that inner journey\u2014then they\u2019ve fulfilled their purpose.<\/p>\n<p>[\/vc_column_text][\/vc_column][vc_column width=&#8221;1\/6&#8243;][\/vc_column][\/vc_row][vc_row css_animation=&#8221;&#8221; row_type=&#8221;row&#8221; use_row_as_full_screen_section=&#8221;no&#8221; type=&#8221;full_width&#8221; angled_section=&#8221;no&#8221; text_align=&#8221;left&#8221; background_image_as_pattern=&#8221;without_pattern&#8221; css=&#8221;.vc_custom_1727182730572{background-color: #ffffff !important;}&#8221; z_index=&#8221;&#8221;][vc_column][vc_empty_space height=&#8221;100&#8243;][\/vc_column][\/vc_row]<\/p>\n<\/div>","protected":false},"excerpt":{"rendered":"<p>Entrevist\u00e1mos Carolina e Jeremy, fundadores do Atelier Backlar, ap\u00f3s a conclus\u00e3o do projeto de reabilita\u00e7\u00e3o de um apartamento no Pr\u00edncipe Real, onde a nossa pedra natural foi utilizada.<\/p>\n","protected":false},"author":4,"featured_media":8965,"comment_status":"open","ping_status":"open","sticky":false,"template":"","format":"standard","meta":{"_acf_changed":false,"_monsterinsights_skip_tracking":false,"_monsterinsights_sitenote_active":false,"_monsterinsights_sitenote_note":"","_monsterinsights_sitenote_category":0,"footnotes":""},"categories":[218,360],"tags":[],"class_list":["post-8953","post","type-post","status-publish","format-standard","has-post-thumbnail","hentry","category-news","category-news-highlight-home"],"acf":[],"_links":{"self":[{"href":"https:\/\/www.galrao.com\/en\/wp-json\/wp\/v2\/posts\/8953","targetHints":{"allow":["GET"]}}],"collection":[{"href":"https:\/\/www.galrao.com\/en\/wp-json\/wp\/v2\/posts"}],"about":[{"href":"https:\/\/www.galrao.com\/en\/wp-json\/wp\/v2\/types\/post"}],"author":[{"embeddable":true,"href":"https:\/\/www.galrao.com\/en\/wp-json\/wp\/v2\/users\/4"}],"replies":[{"embeddable":true,"href":"https:\/\/www.galrao.com\/en\/wp-json\/wp\/v2\/comments?post=8953"}],"version-history":[{"count":5,"href":"https:\/\/www.galrao.com\/en\/wp-json\/wp\/v2\/posts\/8953\/revisions"}],"predecessor-version":[{"id":8975,"href":"https:\/\/www.galrao.com\/en\/wp-json\/wp\/v2\/posts\/8953\/revisions\/8975"}],"wp:featuredmedia":[{"embeddable":true,"href":"https:\/\/www.galrao.com\/en\/wp-json\/wp\/v2\/media\/8965"}],"wp:attachment":[{"href":"https:\/\/www.galrao.com\/en\/wp-json\/wp\/v2\/media?parent=8953"}],"wp:term":[{"taxonomy":"category","embeddable":true,"href":"https:\/\/www.galrao.com\/en\/wp-json\/wp\/v2\/categories?post=8953"},{"taxonomy":"post_tag","embeddable":true,"href":"https:\/\/www.galrao.com\/en\/wp-json\/wp\/v2\/tags?post=8953"}],"curies":[{"name":"wp","href":"https:\/\/api.w.org\/{rel}","templated":true}]}}