{"id":8391,"date":"2025-02-07T12:31:35","date_gmt":"2025-02-07T12:31:35","guid":{"rendered":"https:\/\/www.galrao.com\/?p=8391"},"modified":"2025-02-07T12:34:30","modified_gmt":"2025-02-07T12:34:30","slug":"dueto-agora-no-archiproducts","status":"publish","type":"post","link":"https:\/\/www.galrao.com\/en\/dueto-agora-no-archiproducts\/","title":{"rendered":"DUETO by MONICS + VIEIRA x GALR\u00c3O \u2013 Design Escult\u00f3rico em Pedra Natural, Agora no Archiproducts"},"content":{"rendered":"<div class=\"wpb-content-wrapper\"><p>[vc_row css_animation=&#8221;&#8221; row_type=&#8221;row&#8221; use_row_as_full_screen_section=&#8221;no&#8221; type=&#8221;grid&#8221; angled_section=&#8221;no&#8221; text_align=&#8221;left&#8221; background_image_as_pattern=&#8221;without_pattern&#8221; z_index=&#8221;&#8221; el_class=&#8221;reverse_mobile&#8221; css=&#8221;.vc_custom_1727183262634{margin-right: 0px !important;margin-left: 0px !important;background-color: #ffffff !important;}&#8221;][vc_column width=&#8221;1\/2&#8243; css=&#8221;.vc_custom_1727183273637{padding-right: 30px !important;padding-bottom: 20px !important;padding-left: 30px !important;background-color: #ffffff !important;}&#8221; el_class=&#8221;div_top_z_index&#8221;][vc_column_text css=&#8221;.vc_custom_1738930548632{margin-right: 0px !important;margin-left: 0px !important;padding-right: 0px !important;padding-bottom: 20px !important;padding-left: 0px !important;}&#8221;]<\/p>\n<h6>Fevereiro 2025<\/h6>\n<h1>DUETO by MONICS + VIEIRA x GALR\u00c3O \u2013 Design Escult\u00f3rico em Pedra Natural, Agora no Archiproducts<\/h1>\n<p>[\/vc_column_text][vc_column_text css=&#8221;.vc_custom_1738931427340{margin-top: 0px !important;margin-bottom: 0px !important;padding-top: 0px !important;padding-right: 0px !important;padding-bottom: 0px !important;padding-left: 0px !important;}&#8221;]<span class=\"OYPEnA font-feature-liga-off font-feature-clig-off font-feature-calt-off text-decoration-none text-strikethrough-none\">A cole\u00e7\u00e3o DUETO j\u00e1 est\u00e1 dispon\u00edvel no Archiproducts, uma das principais plataformas globais de arquitetura e design. Este espa\u00e7o re\u00fane marcas e produtos inovadores, oferecendo uma montra de refer\u00eancia para quem valoriza a fus\u00e3o entre est\u00e9tica, funcionalidade e sustentabilidade.<\/span>[\/vc_column_text][\/vc_column][vc_column width=&#8221;1\/2&#8243; css=&#8221;.vc_custom_1727171265468{padding-right: 0px !important;padding-bottom: 20px !important;padding-left: 0px !important;}&#8221; el_class=&#8221;div_right&#8221;][vc_gallery interval=&#8221;3&#8243; images=&#8221;8200,8198,8196,7973&#8243; img_size=&#8221;full&#8221; css=&#8221;&#8221; direction_nav=&#8221;yes&#8221; control_nav=&#8221;no&#8221;][\/vc_column][\/vc_row][vc_row css_animation=&#8221;&#8221; row_type=&#8221;row&#8221; use_row_as_full_screen_section=&#8221;no&#8221; type=&#8221;grid&#8221; angled_section=&#8221;no&#8221; text_align=&#8221;left&#8221; background_image_as_pattern=&#8221;without_pattern&#8221; z_index=&#8221;&#8221; css=&#8221;.vc_custom_1727183267141{margin-right: 0px !important;margin-left: 0px !important;background-color: #ffffff !important;}&#8221; el_class=&#8221;cx_news&#8221;][vc_column width=&#8221;1\/6&#8243;][\/vc_column][vc_column width=&#8221;2\/3&#8243; css=&#8221;.vc_custom_1727183278411{padding-top: 0px !important;padding-right: 30px !important;padding-bottom: 20px !important;padding-left: 30px !important;}&#8221;][vc_column_text css=&#8221;.vc_custom_1738930687136{margin-top: 0px !important;margin-bottom: 0px !important;padding-top: 0px !important;padding-right: 0px !important;padding-bottom: 0px !important;padding-left: 0px !important;}&#8221;]<\/p>\n<p class=\"cvGsUA direction-ltr align-start para-style-body\"><span class=\"OYPEnA font-feature-liga-off font-feature-clig-off font-feature-calt-off text-decoration-none text-strikethrough-none\">DUETO nasce da colabora\u00e7\u00e3o entre a dupla de designers MONICS + VIEIRA e o Grupo Galr\u00e3o, combinando criatividade e sensibilidade est\u00e9tica com a experi\u00eancia e excel\u00eancia t\u00e9cnica na transforma\u00e7\u00e3o da pedra natural.<br \/>\n<\/span><span class=\"OYPEnA font-feature-liga-off font-feature-clig-off font-feature-calt-off text-decoration-none text-strikethrough-none\">Com uma abordagem biom\u00f3rfica e sustent\u00e1vel, esta cole\u00e7\u00e3o apresenta formas fluidas, texturas subtis e tonalidades org\u00e2nicas, criando pe\u00e7as que refletem um equil\u00edbrio entre sofistica\u00e7\u00e3o e autenticidade.<\/span><\/p>\n<p class=\"cvGsUA direction-ltr align-start para-style-body\"><span class=\"OYPEnA font-feature-liga-off font-feature-clig-off font-feature-calt-off text-decoration-none text-strikethrough-none\">Mais do que uma cole\u00e7\u00e3o, DUETO \u00e9 uma afirma\u00e7\u00e3o de design intemporal, pensada para elevar qualquer espa\u00e7o a um novo patamar de exclusividade.<\/span><\/p>\n<p class=\"cvGsUA direction-ltr align-start para-style-body\"><span class=\"OYPEnA font-feature-liga-off font-feature-clig-off font-feature-calt-off text-decoration-none text-strikethrough-none\">Conhe\u00e7a a cole\u00e7\u00e3o no Archiproducts e descubra a intersec\u00e7\u00e3o perfeita entre arte, natureza e inova\u00e7\u00e3o.<\/span><\/p>\n<p class=\"cvGsUA direction-ltr align-start para-style-body\"><span class=\"OYPEnA font-feature-liga-off font-feature-clig-off font-feature-calt-off text-decoration-none text-strikethrough-none\">\ud83d\udd17 <a href=\"https:\/\/www.archiproducts.com\/pt\/galrao\" target=\"_blank\" rel=\"noopener\">Visite o Grupo Galr\u00e3o no Archiproducts<\/a><\/span><\/p>\n<p>[\/vc_column_text][\/vc_column][vc_column width=&#8221;1\/6&#8243;][\/vc_column][\/vc_row][vc_row css_animation=&#8221;&#8221; row_type=&#8221;row&#8221; use_row_as_full_screen_section=&#8221;no&#8221; type=&#8221;full_width&#8221; angled_section=&#8221;no&#8221; text_align=&#8221;left&#8221; background_image_as_pattern=&#8221;without_pattern&#8221; css=&#8221;.vc_custom_1727184303152{background-color: #ffffff !important;}&#8221; z_index=&#8221;&#8221;][vc_column][vc_empty_space height=&#8221;100px&#8221;][\/vc_column][\/vc_row]<\/p>\n<\/div>","protected":false},"excerpt":{"rendered":"<p>O Departamento de Engenharia de Recursos Minerais e Energ\u00e9ticos (DER) do Instituto Superior T\u00e9cnico est\u00e1 a criar um digitalizador para blocos de m\u00e1rmore que, utilizando Intelig\u00eancia Artificial, consegue prever a textura interior dos blocos.<\/p>\n","protected":false},"author":4,"featured_media":7976,"comment_status":"open","ping_status":"open","sticky":false,"template":"","format":"standard","meta":{"_acf_changed":false,"_monsterinsights_skip_tracking":false,"_monsterinsights_sitenote_active":false,"_monsterinsights_sitenote_note":"","_monsterinsights_sitenote_category":0,"footnotes":""},"categories":[218],"tags":[],"class_list":["post-8391","post","type-post","status-publish","format-standard","has-post-thumbnail","hentry","category-news"],"acf":[],"_links":{"self":[{"href":"https:\/\/www.galrao.com\/en\/wp-json\/wp\/v2\/posts\/8391","targetHints":{"allow":["GET"]}}],"collection":[{"href":"https:\/\/www.galrao.com\/en\/wp-json\/wp\/v2\/posts"}],"about":[{"href":"https:\/\/www.galrao.com\/en\/wp-json\/wp\/v2\/types\/post"}],"author":[{"embeddable":true,"href":"https:\/\/www.galrao.com\/en\/wp-json\/wp\/v2\/users\/4"}],"replies":[{"embeddable":true,"href":"https:\/\/www.galrao.com\/en\/wp-json\/wp\/v2\/comments?post=8391"}],"version-history":[{"count":3,"href":"https:\/\/www.galrao.com\/en\/wp-json\/wp\/v2\/posts\/8391\/revisions"}],"predecessor-version":[{"id":8396,"href":"https:\/\/www.galrao.com\/en\/wp-json\/wp\/v2\/posts\/8391\/revisions\/8396"}],"wp:featuredmedia":[{"embeddable":true,"href":"https:\/\/www.galrao.com\/en\/wp-json\/wp\/v2\/media\/7976"}],"wp:attachment":[{"href":"https:\/\/www.galrao.com\/en\/wp-json\/wp\/v2\/media?parent=8391"}],"wp:term":[{"taxonomy":"category","embeddable":true,"href":"https:\/\/www.galrao.com\/en\/wp-json\/wp\/v2\/categories?post=8391"},{"taxonomy":"post_tag","embeddable":true,"href":"https:\/\/www.galrao.com\/en\/wp-json\/wp\/v2\/tags?post=8391"}],"curies":[{"name":"wp","href":"https:\/\/api.w.org\/{rel}","templated":true}]}}