{"id":8186,"date":"2024-12-11T18:04:13","date_gmt":"2024-12-11T18:04:13","guid":{"rendered":"https:\/\/www.galrao.com\/?p=8186"},"modified":"2024-12-11T18:10:28","modified_gmt":"2024-12-11T18:10:28","slug":"pedra-natural-uma-perspectiva-inovadora","status":"publish","type":"post","link":"https:\/\/www.galrao.com\/en\/pedra-natural-uma-perspectiva-inovadora\/","title":{"rendered":"Natural Stone: A Fresh Perspective"},"content":{"rendered":"<div class=\"wpb-content-wrapper\"><p>[vc_row css_animation=&#8221;&#8221; row_type=&#8221;row&#8221; use_row_as_full_screen_section=&#8221;no&#8221; type=&#8221;grid&#8221; angled_section=&#8221;no&#8221; text_align=&#8221;left&#8221; background_image_as_pattern=&#8221;without_pattern&#8221; z_index=&#8221;&#8221; el_class=&#8221;reverse_mobile&#8221; css=&#8221;.vc_custom_1727183262634{margin-right: 0px !important;margin-left: 0px !important;background-color: #ffffff !important;}&#8221;][vc_column width=&#8221;1\/2&#8243; css=&#8221;.vc_custom_1727183273637{padding-right: 30px !important;padding-bottom: 20px !important;padding-left: 30px !important;background-color: #ffffff !important;}&#8221; el_class=&#8221;div_top_z_index&#8221;][vc_column_text css=&#8221;.vc_custom_1733940414968{margin-right: 0px !important;margin-left: 0px !important;padding-right: 0px !important;padding-bottom: 20px !important;padding-left: 0px !important;}&#8221;]<\/p>\r\n<h6>September 2023<\/h6>\r\n<h1>Natural Stone: A Fresh Perspective<\/h1>\r\n<p>[\/vc_column_text][vc_column_text css=&#8221;.vc_custom_1733940500668{margin-top: 0px !important;margin-bottom: 0px !important;padding-top: 0px !important;padding-right: 0px !important;padding-bottom: 0px !important;padding-left: 0px !important;}&#8221;]<\/p>\r\n<h3 class=\"wp-block-heading\">Marmomac 2023, a significant event in the natural stone industry, is set to commence in Verona tomorrow.\u00a0<\/h3>\r\n<p class=\"wp-block-heading\">This year underscores the rise of digital advancements and the expansion of the international promotional network. These shifts are opening new avenues for tailored B2B engagements specific to material use and application. On the agenda, too, are workshops and discussions that delve into the integration of natural stone with modern machinery\u2014a crossroads of design, architecture, and art.\u00a0<br \/><\/p>\r\n<!-- \/wp:heading -->\r\n<p>&nbsp;<\/p>\r\n<!-- wp:paragraph -->\r\n<p>[\/vc_column_text][\/vc_column][vc_column width=&#8221;1\/2&#8243; css=&#8221;.vc_custom_1727171265468{padding-right: 0px !important;padding-bottom: 20px !important;padding-left: 0px !important;}&#8221; el_class=&#8221;div_right&#8221;][vc_gallery interval=&#8221;3&#8243; images=&#8221;8187&#8243; img_size=&#8221;full&#8221; css=&#8221;&#8221; direction_nav=&#8221;yes&#8221; control_nav=&#8221;no&#8221;][\/vc_column][\/vc_row][vc_row css_animation=&#8221;&#8221; row_type=&#8221;row&#8221; use_row_as_full_screen_section=&#8221;no&#8221; type=&#8221;grid&#8221; angled_section=&#8221;no&#8221; text_align=&#8221;left&#8221; background_image_as_pattern=&#8221;without_pattern&#8221; z_index=&#8221;&#8221; css=&#8221;.vc_custom_1727183267141{margin-right: 0px !important;margin-left: 0px !important;background-color: #ffffff !important;}&#8221; el_class=&#8221;cx_news&#8221;][vc_column width=&#8221;1\/6&#8243;][\/vc_column][vc_column width=&#8221;2\/3&#8243; css=&#8221;.vc_custom_1727183278411{padding-top: 0px !important;padding-right: 30px !important;padding-bottom: 20px !important;padding-left: 30px !important;}&#8221;][vc_column_text css=&#8221;.vc_custom_1733940583643{margin-top: 0px !important;margin-bottom: 0px !important;padding-top: 0px !important;padding-right: 0px !important;padding-bottom: 0px !important;padding-left: 0px !important;}&#8221;]<\/p>\r\n<!-- wp:paragraph -->\r\n<p>The event anticipates 50,000 attendees, marking progress from the previous year&#8217;s 47,000. The exhibition space has expanded as well, covering 80,000 m2 compared to last year&#8217;s 69,000 m2. These metrics, along with the expected increase in global participants, solidify Marmomac&#8217;s evolving role in the stone industry.\u00a0<\/p>\r\n<!-- \/wp:paragraph -->\r\n<p>&nbsp;<\/p>\r\n<!-- wp:heading -->\r\n<h3 class=\"wp-block-heading\">A STRATEGIC EPICENTER AND INSIGHTFUL SPACE\u00a0<\/h3>\r\n<p class=\"wp-block-heading\">In the days ahead, Marmomac is set to be a focal point in the marble industry, featuring an array of manufacturers, suppliers, architects, and designers.\u00a0It presents itself as a hub for industry updates and innovations. Attendees have a lineup of events, workshops, and seminars to look forward to, all led by industry veterans.\u00a0<\/p>\r\n<!-- \/wp:paragraph -->\r\n<p>&nbsp;<\/p>\r\n<!-- wp:paragraph -->\r\n<p>The &#8220;A Matter of Stone&#8221; showcase in Hall 1 offers insights into stone&#8217;s role in architecture and design. Curated by Elle Decor Italia and crafted by the notable Calvi Brambilla studio, this exhibition underscores natural stone&#8217;s adaptability. It offers a glimpse into the innovative ways the design world is tapping into stone&#8217;s inherent characteristics. It paints a picture of stone&#8217;s timeless relevance and its evolving role in design.\u00a0<\/p>\r\n<!-- \/wp:paragraph -->\r\n<p>&nbsp;<\/p>\r\n<!-- wp:paragraph -->\r\n<p>Highlighted too are some of the Group&#8217;s recent offerings, including the 121.9X61cm &#8220;Plaquetes PLUS&#8221;. Designed in line with current market needs, this stone variant features a notable 1 cm thickness. Its quality stands as a reflection of our marble&#8217;s resilience, enriched by almost seven decades of expertise. We&#8217;re also introducing Stome, a brand that brings together sustainability with refined design.\u00a0<\/p>\r\n<!-- \/wp:paragraph -->\r\n<p>&nbsp;<\/p>\r\n<!-- wp:paragraph -->\r\n<p>With much in store, we invite you to join us in Verona from the 26th to the 29th of September. We&#8217;ll be ready to welcome you at Hall 6, Stand C8\u00a0<\/p>\r\n<!-- \/wp:paragraph -->\r\n<p>[\/vc_column_text][\/vc_column][vc_column width=&#8221;1\/6&#8243;][\/vc_column][\/vc_row][vc_row css_animation=&#8221;&#8221; row_type=&#8221;row&#8221; use_row_as_full_screen_section=&#8221;no&#8221; type=&#8221;full_width&#8221; angled_section=&#8221;no&#8221; text_align=&#8221;left&#8221; background_image_as_pattern=&#8221;without_pattern&#8221; css=&#8221;.vc_custom_1727184303152{background-color: #ffffff !important;}&#8221; z_index=&#8221;&#8221;][vc_column][vc_empty_space height=&#8221;100px&#8221;][\/vc_column][\/vc_row]<\/p><\/div>","protected":false},"excerpt":{"rendered":"<p>O Departamento de Engenharia de Recursos Minerais e Energ\u00e9ticos (DER) do Instituto Superior T\u00e9cnico est\u00e1 a criar um digitalizador para blocos de m\u00e1rmore que, utilizando Intelig\u00eancia Artificial, consegue prever a textura interior dos blocos.<\/p>\n","protected":false},"author":4,"featured_media":8188,"comment_status":"open","ping_status":"open","sticky":false,"template":"","format":"standard","meta":{"_acf_changed":false,"_monsterinsights_skip_tracking":false,"_monsterinsights_sitenote_active":false,"_monsterinsights_sitenote_note":"","_monsterinsights_sitenote_category":0,"footnotes":""},"categories":[218],"tags":[],"class_list":["post-8186","post","type-post","status-publish","format-standard","has-post-thumbnail","hentry","category-news"],"acf":[],"_links":{"self":[{"href":"https:\/\/www.galrao.com\/en\/wp-json\/wp\/v2\/posts\/8186","targetHints":{"allow":["GET"]}}],"collection":[{"href":"https:\/\/www.galrao.com\/en\/wp-json\/wp\/v2\/posts"}],"about":[{"href":"https:\/\/www.galrao.com\/en\/wp-json\/wp\/v2\/types\/post"}],"author":[{"embeddable":true,"href":"https:\/\/www.galrao.com\/en\/wp-json\/wp\/v2\/users\/4"}],"replies":[{"embeddable":true,"href":"https:\/\/www.galrao.com\/en\/wp-json\/wp\/v2\/comments?post=8186"}],"version-history":[{"count":4,"href":"https:\/\/www.galrao.com\/en\/wp-json\/wp\/v2\/posts\/8186\/revisions"}],"predecessor-version":[{"id":8193,"href":"https:\/\/www.galrao.com\/en\/wp-json\/wp\/v2\/posts\/8186\/revisions\/8193"}],"wp:featuredmedia":[{"embeddable":true,"href":"https:\/\/www.galrao.com\/en\/wp-json\/wp\/v2\/media\/8188"}],"wp:attachment":[{"href":"https:\/\/www.galrao.com\/en\/wp-json\/wp\/v2\/media?parent=8186"}],"wp:term":[{"taxonomy":"category","embeddable":true,"href":"https:\/\/www.galrao.com\/en\/wp-json\/wp\/v2\/categories?post=8186"},{"taxonomy":"post_tag","embeddable":true,"href":"https:\/\/www.galrao.com\/en\/wp-json\/wp\/v2\/tags?post=8186"}],"curies":[{"name":"wp","href":"https:\/\/api.w.org\/{rel}","templated":true}]}}